{"id":90,"date":"2025-03-05T19:45:24","date_gmt":"2025-03-05T19:45:24","guid":{"rendered":"https:\/\/alte-kelter-winnenden.de\/?p=90"},"modified":"2025-03-23T14:30:01","modified_gmt":"2025-03-23T14:30:01","slug":"jazzmatinee-in-der-alten-kelter","status":"publish","type":"post","link":"https:\/\/alte-kelter-winnenden.de\/willkommen\/jazz\/jazzmatinee-in-der-alten-kelter\/","title":{"rendered":"Jazzmatin\u00e9e in der Alten Kelter"},"content":{"rendered":"\n<p class=\"is-style-default\">Die Jazzmatin\u00e9e in der Alten Kelter mausert sich immer mehr vom Geheimtipp zu einem festen Anlaufpunkt f\u00fcr Jazzfreund*innen aus Winnenden, der Umgebung und der weiteren Region. Wie bei den G\u00e4sten hat es sich auch bei den Musiker*innen herumgesprochen, dass man in der Alten Kelter auf eine feine Resonanz st\u00f6\u00dft. <\/p>\n\n\n\n<figure class=\"wp-block-image size-large\"><img loading=\"lazy\" decoding=\"async\" width=\"1024\" height=\"768\" src=\"https:\/\/alte-kelter-winnenden.de\/wp-content\/uploads\/2025\/03\/Jazz-in-der-Alten-Kelter-Winnenden-1024x768.png\" alt=\"Jazz in der Alten Kelter Winnenden\" class=\"wp-image-117\" srcset=\"https:\/\/alte-kelter-winnenden.de\/wp-content\/uploads\/2025\/03\/Jazz-in-der-Alten-Kelter-Winnenden-1024x768.png 1024w, https:\/\/alte-kelter-winnenden.de\/wp-content\/uploads\/2025\/03\/Jazz-in-der-Alten-Kelter-Winnenden-300x225.png 300w, https:\/\/alte-kelter-winnenden.de\/wp-content\/uploads\/2025\/03\/Jazz-in-der-Alten-Kelter-Winnenden-768x576.png 768w, https:\/\/alte-kelter-winnenden.de\/wp-content\/uploads\/2025\/03\/Jazz-in-der-Alten-Kelter-Winnenden.png 1200w\" sizes=\"auto, (max-width: 1024px) 100vw, 1024px\" \/><figcaption class=\"wp-element-caption\">Jazz in der Alten Kelter Winnenden<\/figcaption><\/figure>\n\n\n\n<p class=\"is-style-default\">Hier trifft sich die Jazzszene in gem\u00fctlicher Atmosph\u00e4re, und sowohl lokale Talente als auch internationale K\u00fcnstler:innen wissen die besondere Akustik und das begeisterte Publikum in dem Theatersaal zu sch\u00e4tzen. Kein Wunder, dass die Veranstaltung immer mehr an Bedeutung gewinnt und sich zu einem Highlight f\u00fcr alle Jazz-Liebhaber*innen entwickelt hat.<\/p>\n","protected":false},"excerpt":{"rendered":"<p>Die Jazzmatin\u00e9e in der Alten Kelter mausert sich immer mehr vom Geheimtipp zu einem festen Anlaufpunkt f\u00fcr Jazzfreund*innen aus Winnenden, der Umgebung und der weiteren Region. Wie bei den G\u00e4sten [&hellip;]<\/p>\n","protected":false},"author":1,"featured_media":0,"comment_status":"closed","ping_status":"open","sticky":false,"template":"","format":"standard","meta":{"_EventAllDay":false,"_EventTimezone":"","_EventStartDate":"","_EventEndDate":"","_EventStartDateUTC":"","_EventEndDateUTC":"","_EventShowMap":false,"_EventShowMapLink":false,"_EventURL":"","_EventCost":"","_EventCostDescription":"","_EventCurrencySymbol":"","_EventCurrencyCode":"","_EventCurrencyPosition":"","_EventDateTimeSeparator":"","_EventTimeRangeSeparator":"","_EventOrganizerID":[],"_EventVenueID":[],"_OrganizerEmail":"","_OrganizerPhone":"","_OrganizerWebsite":"","_VenueAddress":"","_VenueCity":"","_VenueCountry":"","_VenueProvince":"","_VenueState":"","_VenueZip":"","_VenuePhone":"","_VenueURL":"","_VenueStateProvince":"","_VenueLat":"","_VenueLng":"","_VenueShowMap":false,"_VenueShowMapLink":false,"_tribe_blocks_recurrence_rules":"","_tribe_blocks_recurrence_description":"","_tribe_blocks_recurrence_exclusions":"","footnotes":""},"categories":[10],"tags":[8,9],"class_list":["post-90","post","type-post","status-publish","format-standard","hentry","category-jazz","tag-jazz","tag-jazzmatinee"],"_links":{"self":[{"href":"https:\/\/alte-kelter-winnenden.de\/willkommen\/wp-json\/wp\/v2\/posts\/90","targetHints":{"allow":["GET"]}}],"collection":[{"href":"https:\/\/alte-kelter-winnenden.de\/willkommen\/wp-json\/wp\/v2\/posts"}],"about":[{"href":"https:\/\/alte-kelter-winnenden.de\/willkommen\/wp-json\/wp\/v2\/types\/post"}],"author":[{"embeddable":true,"href":"https:\/\/alte-kelter-winnenden.de\/willkommen\/wp-json\/wp\/v2\/users\/1"}],"replies":[{"embeddable":true,"href":"https:\/\/alte-kelter-winnenden.de\/willkommen\/wp-json\/wp\/v2\/comments?post=90"}],"version-history":[{"count":4,"href":"https:\/\/alte-kelter-winnenden.de\/willkommen\/wp-json\/wp\/v2\/posts\/90\/revisions"}],"predecessor-version":[{"id":118,"href":"https:\/\/alte-kelter-winnenden.de\/willkommen\/wp-json\/wp\/v2\/posts\/90\/revisions\/118"}],"wp:attachment":[{"href":"https:\/\/alte-kelter-winnenden.de\/willkommen\/wp-json\/wp\/v2\/media?parent=90"}],"wp:term":[{"taxonomy":"category","embeddable":true,"href":"https:\/\/alte-kelter-winnenden.de\/willkommen\/wp-json\/wp\/v2\/categories?post=90"},{"taxonomy":"post_tag","embeddable":true,"href":"https:\/\/alte-kelter-winnenden.de\/willkommen\/wp-json\/wp\/v2\/tags?post=90"}],"curies":[{"name":"wp","href":"https:\/\/api.w.org\/{rel}","templated":true}]}}